{"id":214,"date":"2026-04-30T11:58:59","date_gmt":"2026-04-30T09:58:59","guid":{"rendered":"https:\/\/commerce-equitable-bretagne.fr\/?p=214"},"modified":"2026-04-30T12:16:50","modified_gmt":"2026-04-30T10:16:50","slug":"prochaine-quinzaine-du-commerce-equitable","status":"publish","type":"post","link":"https:\/\/commerce-equitable-bretagne.fr\/index.php\/2026\/04\/30\/prochaine-quinzaine-du-commerce-equitable\/","title":{"rendered":"Prochaine quinzaine du commerce \u00e9quitable"},"content":{"rendered":"\n<p>du 18 au 30 mai 2026<\/p>\n\n\n\n<div class=\"wp-block-uagb-countdown uagb-block-d94b0e16\"><div class=\"wp-block-uagb-countdown__box wp-block-uagb-countdown__box-days\"><div role=\"timer\" aria-live=\"off\" class=\"wp-block-uagb-countdown__time wp-block-uagb-countdown__time-days\">&#8211;<\/div><div class=\"wp-block-uagb-countdown__label\">DAYS<\/div><\/div><div class=\"wp-block-uagb-countdown__box wp-block-uagb-countdown__box-hours\"><div role=\"timer\" aria-live=\"off\" class=\"wp-block-uagb-countdown__time wp-block-uagb-countdown__time-hours\">&#8211;<\/div><div class=\"wp-block-uagb-countdown__label\">HOURS<\/div><\/div><div class=\"wp-block-uagb-countdown__box wp-block-uagb-countdown__box-minutes\"><div role=\"timer\" aria-live=\"off\" class=\"wp-block-uagb-countdown__time wp-block-uagb-countdown__time-minutes\">&#8211;<\/div><div class=\"wp-block-uagb-countdown__label\">MINUTES<\/div><\/div><div class=\"wp-block-uagb-countdown__box wp-block-uagb-countdown__box-seconds\"><div role=\"timer\" aria-live=\"off\" class=\"wp-block-uagb-countdown__time wp-block-uagb-countdown__time-seconds\">&#8211;<\/div><div class=\"wp-block-uagb-countdown__label\">SECONDS<\/div><\/div><\/div>\n\n\n\n<p>La quinzaine 2026 du commerce \u00e9quitable aura lieu cette ann\u00e9e du 18 au 30 mai partout en Bretagne. Retrouvez le programme ci-apr\u00e8s.<\/p>\n","protected":false},"excerpt":{"rendered":"<p>du 18 au 30 mai 2026 La quinzaine 2026 du commerce \u00e9quitable aura lieu cette ann\u00e9e du 18 au 30 mai partout en Bretagne. Retrouvez le programme ci-apr\u00e8s.<\/p>\n","protected":false},"author":2,"featured_media":0,"comment_status":"open","ping_status":"open","sticky":false,"template":"","format":"standard","meta":{"_uag_custom_page_level_css":"","footnotes":""},"categories":[1],"tags":[],"class_list":["post-214","post","type-post","status-publish","format-standard","hentry","category-non-classe"],"yoast_head":"<!-- This site is optimized with the Yoast SEO plugin v23.8 - https:\/\/yoast.com\/wordpress\/plugins\/seo\/ -->\n<title>Prochaine quinzaine du commerce \u00e9quitable - Commerce \u00c9quitable Bretagne<\/title>\n<meta name=\"robots\" content=\"index, follow, max-snippet:-1, max-image-preview:large, max-video-preview:-1\" \/>\n<link rel=\"canonical\" href=\"https:\/\/commerce-equitable-bretagne.fr\/index.php\/2026\/04\/30\/prochaine-quinzaine-du-commerce-equitable\/\" \/>\n<meta property=\"og:locale\" content=\"fr_FR\" \/>\n<meta property=\"og:type\" content=\"article\" \/>\n<meta property=\"og:title\" content=\"Prochaine quinzaine du commerce \u00e9quitable - Commerce \u00c9quitable Bretagne\" \/>\n<meta property=\"og:description\" content=\"du 18 au 30 mai 2026 La quinzaine 2026 du commerce \u00e9quitable aura lieu cette ann\u00e9e du 18 au 30 mai partout en Bretagne. Retrouvez le programme ci-apr\u00e8s.\" \/>\n<meta property=\"og:url\" content=\"https:\/\/commerce-equitable-bretagne.fr\/index.php\/2026\/04\/30\/prochaine-quinzaine-du-commerce-equitable\/\" \/>\n<meta property=\"og:site_name\" content=\"Commerce \u00c9quitable Bretagne\" \/>\n<meta property=\"article:published_time\" content=\"2026-04-30T09:58:59+00:00\" \/>\n<meta property=\"article:modified_time\" content=\"2026-04-30T10:16:50+00:00\" \/>\n<meta name=\"author\" content=\"Bernard Bruel\" \/>\n<meta name=\"twitter:card\" content=\"summary_large_image\" \/>\n<meta name=\"twitter:label1\" content=\"\u00c9crit par\" \/>\n\t<meta name=\"twitter:data1\" content=\"Bernard Bruel\" \/>\n\t<meta name=\"twitter:label2\" content=\"Dur\u00e9e de lecture estim\u00e9e\" \/>\n\t<meta name=\"twitter:data2\" content=\"1 minute\" \/>\n<script type=\"application\/ld+json\" class=\"yoast-schema-graph\">{\"@context\":\"https:\/\/schema.org\",\"@graph\":[{\"@type\":\"Article\",\"@id\":\"https:\/\/commerce-equitable-bretagne.fr\/index.php\/2026\/04\/30\/prochaine-quinzaine-du-commerce-equitable\/#article\",\"isPartOf\":{\"@id\":\"https:\/\/commerce-equitable-bretagne.fr\/index.php\/2026\/04\/30\/prochaine-quinzaine-du-commerce-equitable\/\"},\"author\":{\"name\":\"Bernard Bruel\",\"@id\":\"https:\/\/commerce-equitable-bretagne.fr\/#\/schema\/person\/c8ed96050cbd57bd03e7e7cdcabd0bb0\"},\"headline\":\"Prochaine quinzaine du commerce \u00e9quitable\",\"datePublished\":\"2026-04-30T09:58:59+00:00\",\"dateModified\":\"2026-04-30T10:16:50+00:00\",\"mainEntityOfPage\":{\"@id\":\"https:\/\/commerce-equitable-bretagne.fr\/index.php\/2026\/04\/30\/prochaine-quinzaine-du-commerce-equitable\/\"},\"wordCount\":37,\"commentCount\":0,\"publisher\":{\"@id\":\"https:\/\/commerce-equitable-bretagne.fr\/#organization\"},\"inLanguage\":\"fr-FR\",\"potentialAction\":[{\"@type\":\"CommentAction\",\"name\":\"Comment\",\"target\":[\"https:\/\/commerce-equitable-bretagne.fr\/index.php\/2026\/04\/30\/prochaine-quinzaine-du-commerce-equitable\/#respond\"]}]},{\"@type\":\"WebPage\",\"@id\":\"https:\/\/commerce-equitable-bretagne.fr\/index.php\/2026\/04\/30\/prochaine-quinzaine-du-commerce-equitable\/\",\"url\":\"https:\/\/commerce-equitable-bretagne.fr\/index.php\/2026\/04\/30\/prochaine-quinzaine-du-commerce-equitable\/\",\"name\":\"Prochaine quinzaine du commerce \u00e9quitable - Commerce \u00c9quitable Bretagne\",\"isPartOf\":{\"@id\":\"https:\/\/commerce-equitable-bretagne.fr\/#website\"},\"datePublished\":\"2026-04-30T09:58:59+00:00\",\"dateModified\":\"2026-04-30T10:16:50+00:00\",\"breadcrumb\":{\"@id\":\"https:\/\/commerce-equitable-bretagne.fr\/index.php\/2026\/04\/30\/prochaine-quinzaine-du-commerce-equitable\/#breadcrumb\"},\"inLanguage\":\"fr-FR\",\"potentialAction\":[{\"@type\":\"ReadAction\",\"target\":[\"https:\/\/commerce-equitable-bretagne.fr\/index.php\/2026\/04\/30\/prochaine-quinzaine-du-commerce-equitable\/\"]}]},{\"@type\":\"BreadcrumbList\",\"@id\":\"https:\/\/commerce-equitable-bretagne.fr\/index.php\/2026\/04\/30\/prochaine-quinzaine-du-commerce-equitable\/#breadcrumb\",\"itemListElement\":[{\"@type\":\"ListItem\",\"position\":1,\"name\":\"Accueil\",\"item\":\"https:\/\/commerce-equitable-bretagne.fr\/\"},{\"@type\":\"ListItem\",\"position\":2,\"name\":\"Prochaine quinzaine du commerce \u00e9quitable\"}]},{\"@type\":\"WebSite\",\"@id\":\"https:\/\/commerce-equitable-bretagne.fr\/#website\",\"url\":\"https:\/\/commerce-equitable-bretagne.fr\/\",\"name\":\"Commerce \u00c9quitable Bretagne\",\"description\":\"Pour un commerce plus juste\",\"publisher\":{\"@id\":\"https:\/\/commerce-equitable-bretagne.fr\/#organization\"},\"potentialAction\":[{\"@type\":\"SearchAction\",\"target\":{\"@type\":\"EntryPoint\",\"urlTemplate\":\"https:\/\/commerce-equitable-bretagne.fr\/?s={search_term_string}\"},\"query-input\":{\"@type\":\"PropertyValueSpecification\",\"valueRequired\":true,\"valueName\":\"search_term_string\"}}],\"inLanguage\":\"fr-FR\"},{\"@type\":\"Organization\",\"@id\":\"https:\/\/commerce-equitable-bretagne.fr\/#organization\",\"name\":\"Commerce \u00c9quitable Bretagne\",\"url\":\"https:\/\/commerce-equitable-bretagne.fr\/\",\"logo\":{\"@type\":\"ImageObject\",\"inLanguage\":\"fr-FR\",\"@id\":\"https:\/\/commerce-equitable-bretagne.fr\/#\/schema\/logo\/image\/\",\"url\":\"https:\/\/commerce-equitable-bretagne.fr\/wp-content\/uploads\/2025\/09\/3.png\",\"contentUrl\":\"https:\/\/commerce-equitable-bretagne.fr\/wp-content\/uploads\/2025\/09\/3.png\",\"width\":4724,\"height\":4724,\"caption\":\"Commerce \u00c9quitable Bretagne\"},\"image\":{\"@id\":\"https:\/\/commerce-equitable-bretagne.fr\/#\/schema\/logo\/image\/\"}},{\"@type\":\"Person\",\"@id\":\"https:\/\/commerce-equitable-bretagne.fr\/#\/schema\/person\/c8ed96050cbd57bd03e7e7cdcabd0bb0\",\"name\":\"Bernard Bruel\",\"image\":{\"@type\":\"ImageObject\",\"inLanguage\":\"fr-FR\",\"@id\":\"https:\/\/commerce-equitable-bretagne.fr\/#\/schema\/person\/image\/\",\"url\":\"https:\/\/secure.gravatar.com\/avatar\/474f6adf502444c995f4abf1f18a732a6f60afb752a4c3fd3ccd7cbd67e247e2?s=96&d=mm&r=g\",\"contentUrl\":\"https:\/\/secure.gravatar.com\/avatar\/474f6adf502444c995f4abf1f18a732a6f60afb752a4c3fd3ccd7cbd67e247e2?s=96&d=mm&r=g\",\"caption\":\"Bernard Bruel\"},\"url\":\"https:\/\/commerce-equitable-bretagne.fr\/index.php\/author\/bernard\/\"}]}<\/script>\n<!-- \/ Yoast SEO plugin. -->","yoast_head_json":{"title":"Prochaine quinzaine du commerce \u00e9quitable - Commerce \u00c9quitable Bretagne","robots":{"index":"index","follow":"follow","max-snippet":"max-snippet:-1","max-image-preview":"max-image-preview:large","max-video-preview":"max-video-preview:-1"},"canonical":"https:\/\/commerce-equitable-bretagne.fr\/index.php\/2026\/04\/30\/prochaine-quinzaine-du-commerce-equitable\/","og_locale":"fr_FR","og_type":"article","og_title":"Prochaine quinzaine du commerce \u00e9quitable - Commerce \u00c9quitable Bretagne","og_description":"du 18 au 30 mai 2026 La quinzaine 2026 du commerce \u00e9quitable aura lieu cette ann\u00e9e du 18 au 30 mai partout en Bretagne. Retrouvez le programme ci-apr\u00e8s.","og_url":"https:\/\/commerce-equitable-bretagne.fr\/index.php\/2026\/04\/30\/prochaine-quinzaine-du-commerce-equitable\/","og_site_name":"Commerce \u00c9quitable Bretagne","article_published_time":"2026-04-30T09:58:59+00:00","article_modified_time":"2026-04-30T10:16:50+00:00","author":"Bernard Bruel","twitter_card":"summary_large_image","twitter_misc":{"\u00c9crit par":"Bernard Bruel","Dur\u00e9e de lecture estim\u00e9e":"1 minute"},"schema":{"@context":"https:\/\/schema.org","@graph":[{"@type":"Article","@id":"https:\/\/commerce-equitable-bretagne.fr\/index.php\/2026\/04\/30\/prochaine-quinzaine-du-commerce-equitable\/#article","isPartOf":{"@id":"https:\/\/commerce-equitable-bretagne.fr\/index.php\/2026\/04\/30\/prochaine-quinzaine-du-commerce-equitable\/"},"author":{"name":"Bernard Bruel","@id":"https:\/\/commerce-equitable-bretagne.fr\/#\/schema\/person\/c8ed96050cbd57bd03e7e7cdcabd0bb0"},"headline":"Prochaine quinzaine du commerce \u00e9quitable","datePublished":"2026-04-30T09:58:59+00:00","dateModified":"2026-04-30T10:16:50+00:00","mainEntityOfPage":{"@id":"https:\/\/commerce-equitable-bretagne.fr\/index.php\/2026\/04\/30\/prochaine-quinzaine-du-commerce-equitable\/"},"wordCount":37,"commentCount":0,"publisher":{"@id":"https:\/\/commerce-equitable-bretagne.fr\/#organization"},"inLanguage":"fr-FR","potentialAction":[{"@type":"CommentAction","name":"Comment","target":["https:\/\/commerce-equitable-bretagne.fr\/index.php\/2026\/04\/30\/prochaine-quinzaine-du-commerce-equitable\/#respond"]}]},{"@type":"WebPage","@id":"https:\/\/commerce-equitable-bretagne.fr\/index.php\/2026\/04\/30\/prochaine-quinzaine-du-commerce-equitable\/","url":"https:\/\/commerce-equitable-bretagne.fr\/index.php\/2026\/04\/30\/prochaine-quinzaine-du-commerce-equitable\/","name":"Prochaine quinzaine du commerce \u00e9quitable - Commerce \u00c9quitable Bretagne","isPartOf":{"@id":"https:\/\/commerce-equitable-bretagne.fr\/#website"},"datePublished":"2026-04-30T09:58:59+00:00","dateModified":"2026-04-30T10:16:50+00:00","breadcrumb":{"@id":"https:\/\/commerce-equitable-bretagne.fr\/index.php\/2026\/04\/30\/prochaine-quinzaine-du-commerce-equitable\/#breadcrumb"},"inLanguage":"fr-FR","potentialAction":[{"@type":"ReadAction","target":["https:\/\/commerce-equitable-bretagne.fr\/index.php\/2026\/04\/30\/prochaine-quinzaine-du-commerce-equitable\/"]}]},{"@type":"BreadcrumbList","@id":"https:\/\/commerce-equitable-bretagne.fr\/index.php\/2026\/04\/30\/prochaine-quinzaine-du-commerce-equitable\/#breadcrumb","itemListElement":[{"@type":"ListItem","position":1,"name":"Accueil","item":"https:\/\/commerce-equitable-bretagne.fr\/"},{"@type":"ListItem","position":2,"name":"Prochaine quinzaine du commerce \u00e9quitable"}]},{"@type":"WebSite","@id":"https:\/\/commerce-equitable-bretagne.fr\/#website","url":"https:\/\/commerce-equitable-bretagne.fr\/","name":"Commerce \u00c9quitable Bretagne","description":"Pour un commerce plus juste","publisher":{"@id":"https:\/\/commerce-equitable-bretagne.fr\/#organization"},"potentialAction":[{"@type":"SearchAction","target":{"@type":"EntryPoint","urlTemplate":"https:\/\/commerce-equitable-bretagne.fr\/?s={search_term_string}"},"query-input":{"@type":"PropertyValueSpecification","valueRequired":true,"valueName":"search_term_string"}}],"inLanguage":"fr-FR"},{"@type":"Organization","@id":"https:\/\/commerce-equitable-bretagne.fr\/#organization","name":"Commerce \u00c9quitable Bretagne","url":"https:\/\/commerce-equitable-bretagne.fr\/","logo":{"@type":"ImageObject","inLanguage":"fr-FR","@id":"https:\/\/commerce-equitable-bretagne.fr\/#\/schema\/logo\/image\/","url":"https:\/\/commerce-equitable-bretagne.fr\/wp-content\/uploads\/2025\/09\/3.png","contentUrl":"https:\/\/commerce-equitable-bretagne.fr\/wp-content\/uploads\/2025\/09\/3.png","width":4724,"height":4724,"caption":"Commerce \u00c9quitable Bretagne"},"image":{"@id":"https:\/\/commerce-equitable-bretagne.fr\/#\/schema\/logo\/image\/"}},{"@type":"Person","@id":"https:\/\/commerce-equitable-bretagne.fr\/#\/schema\/person\/c8ed96050cbd57bd03e7e7cdcabd0bb0","name":"Bernard Bruel","image":{"@type":"ImageObject","inLanguage":"fr-FR","@id":"https:\/\/commerce-equitable-bretagne.fr\/#\/schema\/person\/image\/","url":"https:\/\/secure.gravatar.com\/avatar\/474f6adf502444c995f4abf1f18a732a6f60afb752a4c3fd3ccd7cbd67e247e2?s=96&d=mm&r=g","contentUrl":"https:\/\/secure.gravatar.com\/avatar\/474f6adf502444c995f4abf1f18a732a6f60afb752a4c3fd3ccd7cbd67e247e2?s=96&d=mm&r=g","caption":"Bernard Bruel"},"url":"https:\/\/commerce-equitable-bretagne.fr\/index.php\/author\/bernard\/"}]}},"uagb_featured_image_src":{"full":false,"thumbnail":false,"medium":false,"medium_large":false,"large":false,"1536x1536":false,"2048x2048":false,"twentyseventeen-featured-image":false,"twentyseventeen-thumbnail-avatar":false},"uagb_author_info":{"display_name":"Bernard Bruel","author_link":"https:\/\/commerce-equitable-bretagne.fr\/index.php\/author\/bernard\/"},"uagb_comment_info":0,"uagb_excerpt":"du 18 au 30 mai 2026 La quinzaine 2026 du commerce \u00e9quitable aura lieu cette ann\u00e9e du 18 au 30 mai partout en Bretagne. Retrouvez le programme ci-apr\u00e8s.","_links":{"self":[{"href":"https:\/\/commerce-equitable-bretagne.fr\/index.php\/wp-json\/wp\/v2\/posts\/214","targetHints":{"allow":["GET"]}}],"collection":[{"href":"https:\/\/commerce-equitable-bretagne.fr\/index.php\/wp-json\/wp\/v2\/posts"}],"about":[{"href":"https:\/\/commerce-equitable-bretagne.fr\/index.php\/wp-json\/wp\/v2\/types\/post"}],"author":[{"embeddable":true,"href":"https:\/\/commerce-equitable-bretagne.fr\/index.php\/wp-json\/wp\/v2\/users\/2"}],"replies":[{"embeddable":true,"href":"https:\/\/commerce-equitable-bretagne.fr\/index.php\/wp-json\/wp\/v2\/comments?post=214"}],"version-history":[{"count":2,"href":"https:\/\/commerce-equitable-bretagne.fr\/index.php\/wp-json\/wp\/v2\/posts\/214\/revisions"}],"predecessor-version":[{"id":217,"href":"https:\/\/commerce-equitable-bretagne.fr\/index.php\/wp-json\/wp\/v2\/posts\/214\/revisions\/217"}],"wp:attachment":[{"href":"https:\/\/commerce-equitable-bretagne.fr\/index.php\/wp-json\/wp\/v2\/media?parent=214"}],"wp:term":[{"taxonomy":"category","embeddable":true,"href":"https:\/\/commerce-equitable-bretagne.fr\/index.php\/wp-json\/wp\/v2\/categories?post=214"},{"taxonomy":"post_tag","embeddable":true,"href":"https:\/\/commerce-equitable-bretagne.fr\/index.php\/wp-json\/wp\/v2\/tags?post=214"}],"curies":[{"name":"wp","href":"https:\/\/api.w.org\/{rel}","templated":true}]}}