{"id":175,"date":"2025-12-09T20:06:13","date_gmt":"2025-12-09T19:06:13","guid":{"rendered":"https:\/\/commerce-equitable-bretagne.fr\/?p=175"},"modified":"2025-12-19T11:37:21","modified_gmt":"2025-12-19T10:37:21","slug":"elementor-175","status":"publish","type":"post","link":"https:\/\/commerce-equitable-bretagne.fr\/index.php\/2025\/12\/09\/elementor-175\/","title":{"rendered":"La fresque du commerce mondialis\u00e9"},"content":{"rendered":"<h2>LA FRESQUE DU COMMERCE EQUITABLE<br \/>\nwww.fresqueducommercemondialise.org<\/h2>\n<p>\t\t\t\t\t\t\t\t\t\t\t\t\t<img loading=\"lazy\" decoding=\"async\" width=\"525\" height=\"227\" src=\"https:\/\/commerce-equitable-bretagne.fr\/wp-content\/uploads\/2025\/12\/Capture-de\u0301cran-2025-12-09-a\u0300-20.15.07-copie.png\" alt=\"\" sizes=\"auto, 100vw\" \/><br \/>\n\t\t\t\t\t\t\t\t\t\t\t\t\t<img loading=\"lazy\" decoding=\"async\" width=\"525\" height=\"352\" src=\"https:\/\/commerce-equitable-bretagne.fr\/wp-content\/uploads\/2025\/12\/Capture-de\u0301cran-2025-12-09-a\u0300-20.18.35.png\" alt=\"\" sizes=\"auto, 100vw\" \/><br \/>\n\t\t\t\t\t\t\t\t\t\t\t\t\t<img loading=\"lazy\" decoding=\"async\" width=\"525\" height=\"392\" src=\"https:\/\/commerce-equitable-bretagne.fr\/wp-content\/uploads\/2025\/12\/Capture-de\u0301cran-2025-12-09-a\u0300-20.18.26.png\" alt=\"\" sizes=\"auto, 100vw\" \/><\/p>\n","protected":false},"excerpt":{"rendered":"<p>LA FRESQUE DU COMMERCE EQUITABLE www.fresqueducommercemondialise.org<\/p>\n","protected":false},"author":2,"featured_media":0,"comment_status":"open","ping_status":"open","sticky":false,"template":"","format":"standard","meta":{"_uag_custom_page_level_css":"","footnotes":""},"categories":[1],"tags":[],"class_list":["post-175","post","type-post","status-publish","format-standard","hentry","category-non-classe"],"yoast_head":"<!-- This site is optimized with the Yoast SEO plugin v23.8 - https:\/\/yoast.com\/wordpress\/plugins\/seo\/ -->\n<title>La fresque du commerce mondialis\u00e9 - Commerce \u00c9quitable Bretagne<\/title>\n<meta name=\"robots\" content=\"index, follow, max-snippet:-1, max-image-preview:large, max-video-preview:-1\" \/>\n<link rel=\"canonical\" href=\"https:\/\/commerce-equitable-bretagne.fr\/index.php\/2025\/12\/09\/elementor-175\/\" \/>\n<meta property=\"og:locale\" content=\"fr_FR\" \/>\n<meta property=\"og:type\" content=\"article\" \/>\n<meta property=\"og:title\" content=\"La fresque du commerce mondialis\u00e9 - Commerce \u00c9quitable Bretagne\" \/>\n<meta property=\"og:description\" content=\"LA FRESQUE DU COMMERCE EQUITABLE www.fresqueducommercemondialise.org\" \/>\n<meta property=\"og:url\" content=\"https:\/\/commerce-equitable-bretagne.fr\/index.php\/2025\/12\/09\/elementor-175\/\" \/>\n<meta property=\"og:site_name\" content=\"Commerce \u00c9quitable Bretagne\" \/>\n<meta property=\"article:published_time\" content=\"2025-12-09T19:06:13+00:00\" \/>\n<meta property=\"article:modified_time\" content=\"2025-12-19T10:37:21+00:00\" \/>\n<meta name=\"author\" content=\"Bernard Bruel\" \/>\n<meta name=\"twitter:card\" content=\"summary_large_image\" \/>\n<meta name=\"twitter:label1\" content=\"\u00c9crit par\" \/>\n\t<meta name=\"twitter:data1\" content=\"Bernard Bruel\" \/>\n\t<meta name=\"twitter:label2\" content=\"Dur\u00e9e de lecture estim\u00e9e\" \/>\n\t<meta name=\"twitter:data2\" content=\"1 minute\" \/>\n<script type=\"application\/ld+json\" class=\"yoast-schema-graph\">{\"@context\":\"https:\/\/schema.org\",\"@graph\":[{\"@type\":\"Article\",\"@id\":\"https:\/\/commerce-equitable-bretagne.fr\/index.php\/2025\/12\/09\/elementor-175\/#article\",\"isPartOf\":{\"@id\":\"https:\/\/commerce-equitable-bretagne.fr\/index.php\/2025\/12\/09\/elementor-175\/\"},\"author\":{\"name\":\"Bernard Bruel\",\"@id\":\"https:\/\/commerce-equitable-bretagne.fr\/#\/schema\/person\/c8ed96050cbd57bd03e7e7cdcabd0bb0\"},\"headline\":\"La fresque du commerce mondialis\u00e9\",\"datePublished\":\"2025-12-09T19:06:13+00:00\",\"dateModified\":\"2025-12-19T10:37:21+00:00\",\"mainEntityOfPage\":{\"@id\":\"https:\/\/commerce-equitable-bretagne.fr\/index.php\/2025\/12\/09\/elementor-175\/\"},\"wordCount\":13,\"commentCount\":0,\"publisher\":{\"@id\":\"https:\/\/commerce-equitable-bretagne.fr\/#organization\"},\"inLanguage\":\"fr-FR\",\"potentialAction\":[{\"@type\":\"CommentAction\",\"name\":\"Comment\",\"target\":[\"https:\/\/commerce-equitable-bretagne.fr\/index.php\/2025\/12\/09\/elementor-175\/#respond\"]}]},{\"@type\":\"WebPage\",\"@id\":\"https:\/\/commerce-equitable-bretagne.fr\/index.php\/2025\/12\/09\/elementor-175\/\",\"url\":\"https:\/\/commerce-equitable-bretagne.fr\/index.php\/2025\/12\/09\/elementor-175\/\",\"name\":\"La fresque du commerce mondialis\u00e9 - Commerce \u00c9quitable Bretagne\",\"isPartOf\":{\"@id\":\"https:\/\/commerce-equitable-bretagne.fr\/#website\"},\"datePublished\":\"2025-12-09T19:06:13+00:00\",\"dateModified\":\"2025-12-19T10:37:21+00:00\",\"breadcrumb\":{\"@id\":\"https:\/\/commerce-equitable-bretagne.fr\/index.php\/2025\/12\/09\/elementor-175\/#breadcrumb\"},\"inLanguage\":\"fr-FR\",\"potentialAction\":[{\"@type\":\"ReadAction\",\"target\":[\"https:\/\/commerce-equitable-bretagne.fr\/index.php\/2025\/12\/09\/elementor-175\/\"]}]},{\"@type\":\"BreadcrumbList\",\"@id\":\"https:\/\/commerce-equitable-bretagne.fr\/index.php\/2025\/12\/09\/elementor-175\/#breadcrumb\",\"itemListElement\":[{\"@type\":\"ListItem\",\"position\":1,\"name\":\"Accueil\",\"item\":\"https:\/\/commerce-equitable-bretagne.fr\/\"},{\"@type\":\"ListItem\",\"position\":2,\"name\":\"La fresque du commerce mondialis\u00e9\"}]},{\"@type\":\"WebSite\",\"@id\":\"https:\/\/commerce-equitable-bretagne.fr\/#website\",\"url\":\"https:\/\/commerce-equitable-bretagne.fr\/\",\"name\":\"Commerce \u00c9quitable Bretagne\",\"description\":\"Pour un commerce plus juste\",\"publisher\":{\"@id\":\"https:\/\/commerce-equitable-bretagne.fr\/#organization\"},\"potentialAction\":[{\"@type\":\"SearchAction\",\"target\":{\"@type\":\"EntryPoint\",\"urlTemplate\":\"https:\/\/commerce-equitable-bretagne.fr\/?s={search_term_string}\"},\"query-input\":{\"@type\":\"PropertyValueSpecification\",\"valueRequired\":true,\"valueName\":\"search_term_string\"}}],\"inLanguage\":\"fr-FR\"},{\"@type\":\"Organization\",\"@id\":\"https:\/\/commerce-equitable-bretagne.fr\/#organization\",\"name\":\"Commerce \u00c9quitable Bretagne\",\"url\":\"https:\/\/commerce-equitable-bretagne.fr\/\",\"logo\":{\"@type\":\"ImageObject\",\"inLanguage\":\"fr-FR\",\"@id\":\"https:\/\/commerce-equitable-bretagne.fr\/#\/schema\/logo\/image\/\",\"url\":\"https:\/\/commerce-equitable-bretagne.fr\/wp-content\/uploads\/2025\/09\/3.png\",\"contentUrl\":\"https:\/\/commerce-equitable-bretagne.fr\/wp-content\/uploads\/2025\/09\/3.png\",\"width\":4724,\"height\":4724,\"caption\":\"Commerce \u00c9quitable Bretagne\"},\"image\":{\"@id\":\"https:\/\/commerce-equitable-bretagne.fr\/#\/schema\/logo\/image\/\"}},{\"@type\":\"Person\",\"@id\":\"https:\/\/commerce-equitable-bretagne.fr\/#\/schema\/person\/c8ed96050cbd57bd03e7e7cdcabd0bb0\",\"name\":\"Bernard Bruel\",\"image\":{\"@type\":\"ImageObject\",\"inLanguage\":\"fr-FR\",\"@id\":\"https:\/\/commerce-equitable-bretagne.fr\/#\/schema\/person\/image\/\",\"url\":\"https:\/\/secure.gravatar.com\/avatar\/474f6adf502444c995f4abf1f18a732a6f60afb752a4c3fd3ccd7cbd67e247e2?s=96&d=mm&r=g\",\"contentUrl\":\"https:\/\/secure.gravatar.com\/avatar\/474f6adf502444c995f4abf1f18a732a6f60afb752a4c3fd3ccd7cbd67e247e2?s=96&d=mm&r=g\",\"caption\":\"Bernard Bruel\"},\"url\":\"https:\/\/commerce-equitable-bretagne.fr\/index.php\/author\/bernard\/\"}]}<\/script>\n<!-- \/ Yoast SEO plugin. -->","yoast_head_json":{"title":"La fresque du commerce mondialis\u00e9 - Commerce \u00c9quitable Bretagne","robots":{"index":"index","follow":"follow","max-snippet":"max-snippet:-1","max-image-preview":"max-image-preview:large","max-video-preview":"max-video-preview:-1"},"canonical":"https:\/\/commerce-equitable-bretagne.fr\/index.php\/2025\/12\/09\/elementor-175\/","og_locale":"fr_FR","og_type":"article","og_title":"La fresque du commerce mondialis\u00e9 - Commerce \u00c9quitable Bretagne","og_description":"LA FRESQUE DU COMMERCE EQUITABLE www.fresqueducommercemondialise.org","og_url":"https:\/\/commerce-equitable-bretagne.fr\/index.php\/2025\/12\/09\/elementor-175\/","og_site_name":"Commerce \u00c9quitable Bretagne","article_published_time":"2025-12-09T19:06:13+00:00","article_modified_time":"2025-12-19T10:37:21+00:00","author":"Bernard Bruel","twitter_card":"summary_large_image","twitter_misc":{"\u00c9crit par":"Bernard Bruel","Dur\u00e9e de lecture estim\u00e9e":"1 minute"},"schema":{"@context":"https:\/\/schema.org","@graph":[{"@type":"Article","@id":"https:\/\/commerce-equitable-bretagne.fr\/index.php\/2025\/12\/09\/elementor-175\/#article","isPartOf":{"@id":"https:\/\/commerce-equitable-bretagne.fr\/index.php\/2025\/12\/09\/elementor-175\/"},"author":{"name":"Bernard Bruel","@id":"https:\/\/commerce-equitable-bretagne.fr\/#\/schema\/person\/c8ed96050cbd57bd03e7e7cdcabd0bb0"},"headline":"La fresque du commerce mondialis\u00e9","datePublished":"2025-12-09T19:06:13+00:00","dateModified":"2025-12-19T10:37:21+00:00","mainEntityOfPage":{"@id":"https:\/\/commerce-equitable-bretagne.fr\/index.php\/2025\/12\/09\/elementor-175\/"},"wordCount":13,"commentCount":0,"publisher":{"@id":"https:\/\/commerce-equitable-bretagne.fr\/#organization"},"inLanguage":"fr-FR","potentialAction":[{"@type":"CommentAction","name":"Comment","target":["https:\/\/commerce-equitable-bretagne.fr\/index.php\/2025\/12\/09\/elementor-175\/#respond"]}]},{"@type":"WebPage","@id":"https:\/\/commerce-equitable-bretagne.fr\/index.php\/2025\/12\/09\/elementor-175\/","url":"https:\/\/commerce-equitable-bretagne.fr\/index.php\/2025\/12\/09\/elementor-175\/","name":"La fresque du commerce mondialis\u00e9 - Commerce \u00c9quitable Bretagne","isPartOf":{"@id":"https:\/\/commerce-equitable-bretagne.fr\/#website"},"datePublished":"2025-12-09T19:06:13+00:00","dateModified":"2025-12-19T10:37:21+00:00","breadcrumb":{"@id":"https:\/\/commerce-equitable-bretagne.fr\/index.php\/2025\/12\/09\/elementor-175\/#breadcrumb"},"inLanguage":"fr-FR","potentialAction":[{"@type":"ReadAction","target":["https:\/\/commerce-equitable-bretagne.fr\/index.php\/2025\/12\/09\/elementor-175\/"]}]},{"@type":"BreadcrumbList","@id":"https:\/\/commerce-equitable-bretagne.fr\/index.php\/2025\/12\/09\/elementor-175\/#breadcrumb","itemListElement":[{"@type":"ListItem","position":1,"name":"Accueil","item":"https:\/\/commerce-equitable-bretagne.fr\/"},{"@type":"ListItem","position":2,"name":"La fresque du commerce mondialis\u00e9"}]},{"@type":"WebSite","@id":"https:\/\/commerce-equitable-bretagne.fr\/#website","url":"https:\/\/commerce-equitable-bretagne.fr\/","name":"Commerce \u00c9quitable Bretagne","description":"Pour un commerce plus juste","publisher":{"@id":"https:\/\/commerce-equitable-bretagne.fr\/#organization"},"potentialAction":[{"@type":"SearchAction","target":{"@type":"EntryPoint","urlTemplate":"https:\/\/commerce-equitable-bretagne.fr\/?s={search_term_string}"},"query-input":{"@type":"PropertyValueSpecification","valueRequired":true,"valueName":"search_term_string"}}],"inLanguage":"fr-FR"},{"@type":"Organization","@id":"https:\/\/commerce-equitable-bretagne.fr\/#organization","name":"Commerce \u00c9quitable Bretagne","url":"https:\/\/commerce-equitable-bretagne.fr\/","logo":{"@type":"ImageObject","inLanguage":"fr-FR","@id":"https:\/\/commerce-equitable-bretagne.fr\/#\/schema\/logo\/image\/","url":"https:\/\/commerce-equitable-bretagne.fr\/wp-content\/uploads\/2025\/09\/3.png","contentUrl":"https:\/\/commerce-equitable-bretagne.fr\/wp-content\/uploads\/2025\/09\/3.png","width":4724,"height":4724,"caption":"Commerce \u00c9quitable Bretagne"},"image":{"@id":"https:\/\/commerce-equitable-bretagne.fr\/#\/schema\/logo\/image\/"}},{"@type":"Person","@id":"https:\/\/commerce-equitable-bretagne.fr\/#\/schema\/person\/c8ed96050cbd57bd03e7e7cdcabd0bb0","name":"Bernard Bruel","image":{"@type":"ImageObject","inLanguage":"fr-FR","@id":"https:\/\/commerce-equitable-bretagne.fr\/#\/schema\/person\/image\/","url":"https:\/\/secure.gravatar.com\/avatar\/474f6adf502444c995f4abf1f18a732a6f60afb752a4c3fd3ccd7cbd67e247e2?s=96&d=mm&r=g","contentUrl":"https:\/\/secure.gravatar.com\/avatar\/474f6adf502444c995f4abf1f18a732a6f60afb752a4c3fd3ccd7cbd67e247e2?s=96&d=mm&r=g","caption":"Bernard Bruel"},"url":"https:\/\/commerce-equitable-bretagne.fr\/index.php\/author\/bernard\/"}]}},"uagb_featured_image_src":{"full":false,"thumbnail":false,"medium":false,"medium_large":false,"large":false,"1536x1536":false,"2048x2048":false,"twentyseventeen-featured-image":false,"twentyseventeen-thumbnail-avatar":false},"uagb_author_info":{"display_name":"Bernard Bruel","author_link":"https:\/\/commerce-equitable-bretagne.fr\/index.php\/author\/bernard\/"},"uagb_comment_info":2,"uagb_excerpt":"LA FRESQUE DU COMMERCE EQUITABLE www.fresqueducommercemondialise.org","_links":{"self":[{"href":"https:\/\/commerce-equitable-bretagne.fr\/index.php\/wp-json\/wp\/v2\/posts\/175","targetHints":{"allow":["GET"]}}],"collection":[{"href":"https:\/\/commerce-equitable-bretagne.fr\/index.php\/wp-json\/wp\/v2\/posts"}],"about":[{"href":"https:\/\/commerce-equitable-bretagne.fr\/index.php\/wp-json\/wp\/v2\/types\/post"}],"author":[{"embeddable":true,"href":"https:\/\/commerce-equitable-bretagne.fr\/index.php\/wp-json\/wp\/v2\/users\/2"}],"replies":[{"embeddable":true,"href":"https:\/\/commerce-equitable-bretagne.fr\/index.php\/wp-json\/wp\/v2\/comments?post=175"}],"version-history":[{"count":9,"href":"https:\/\/commerce-equitable-bretagne.fr\/index.php\/wp-json\/wp\/v2\/posts\/175\/revisions"}],"predecessor-version":[{"id":202,"href":"https:\/\/commerce-equitable-bretagne.fr\/index.php\/wp-json\/wp\/v2\/posts\/175\/revisions\/202"}],"wp:attachment":[{"href":"https:\/\/commerce-equitable-bretagne.fr\/index.php\/wp-json\/wp\/v2\/media?parent=175"}],"wp:term":[{"taxonomy":"category","embeddable":true,"href":"https:\/\/commerce-equitable-bretagne.fr\/index.php\/wp-json\/wp\/v2\/categories?post=175"},{"taxonomy":"post_tag","embeddable":true,"href":"https:\/\/commerce-equitable-bretagne.fr\/index.php\/wp-json\/wp\/v2\/tags?post=175"}],"curies":[{"name":"wp","href":"https:\/\/api.w.org\/{rel}","templated":true}]}}