{"id":107,"date":"2025-04-28T11:00:13","date_gmt":"2025-04-28T09:00:13","guid":{"rendered":"https:\/\/commerce-equitable-bretagne.fr\/?p=107"},"modified":"2025-12-09T20:02:54","modified_gmt":"2025-12-09T19:02:54","slug":"la-quinzaine-du-commerce-equitable-2025","status":"publish","type":"post","link":"https:\/\/commerce-equitable-bretagne.fr\/index.php\/2025\/04\/28\/la-quinzaine-du-commerce-equitable-2025\/","title":{"rendered":"La quinzaine du commerce \u00e9quitable 2025 !"},"content":{"rendered":"\n<p>La quinzaine du commerce \u00e9quitable s&rsquo;est d\u00e9roul\u00e9e du 10 au 25 mai 2025.<\/p>\n\n<p>En Bretagne, nous avons eu le plaisir d&rsquo;accueillir Mr <strong>MOLINA RAMIREZ<\/strong>, producteur de bananes en <strong>Equateur<\/strong>, g\u00e9rant de la <strong>coop\u00e9rative COOP OROVERDE<\/strong>, productrice de <strong>bananes<\/strong> labellis\u00e9es commerce \u00e9quitable.<\/p>\n\n<figure><img decoding=\"async\" style=\"width: 409px; height: auto;\" src=\"https:\/\/commerce-equitable-bretagne.fr\/wp-content\/uploads\/2025\/04\/Capture-de\u0301cran-2025-04-28-a\u0300-11.25.32.png\" alt=\"\" \/><\/figure>\n\n<p>Il est intervenu dans des \u00e9coles, lyc\u00e9es, universit\u00e9s, march\u00e9s publics pour pr\u00e9senter l&rsquo;int\u00e9r\u00eat pour sa coop\u00e9rative de commercialiser leurs produits dans le circuit \u00e9quitable.<\/p>\n\n<figure><img decoding=\"async\" style=\"width: 479px; height: auto;\" src=\"https:\/\/commerce-equitable-bretagne.fr\/wp-content\/uploads\/2025\/04\/Capture-de\u0301cran-2025-04-28-a\u0300-11.25.22.png\" alt=\"\" \/><\/figure>\n\n<p>Il a \u00e9galement rencontr\u00e9 des collectivit\u00e9s engag\u00e9es dans la consommation de produits \u00e9quitables et en circuits courts.<\/p>\n\n<p>Voici le <strong><a href=\"https:\/\/commerce-equitable-bretagne.fr\/wp-content\/uploads\/2025\/04\/2025-Programme-QCE-2025-modifie-BB-2025-04-28.pdf\">programme de la\u00a0 quinzaine 2025<\/a><\/strong>.<\/p>\n\n<p><strong>Bretagne Equitable<\/strong><\/p>\n\n<p>\u00a0<\/p>\n\t\t\n\t\t\t<h2>PRESENTATION DE LA COOPERATIVE OROVERDE EQUATEUR<\/h2>\t\t\n\t\t<p>Mr Jos\u00e9 Molina <strong><b>Ramirez<\/b><\/strong>, responsable et producteur de bananes bio \u00e9quitables repr\u00e9sente la coop\u00e9rative de production agricole COOPERATIVA ORO VERDE Machala Equateur, situ\u00e9e dans la zone sud du pays.<\/p>\n<p><strong><u><b>ORO VERDE<\/b><\/u><\/strong>\u00a0est une organisation de petits producteurs qui compte 26 adh\u00e9rents (10 femmes et 16 hommes).<\/p>\n<p>La coop\u00e9rative motive les jeunes pour qu&rsquo;ils prennent la suite de leurs parents : actuellement, 7 enfants d&rsquo;adh\u00e9rents font partie de l\u2019organisation en vue d\u2019une poursuite d&rsquo;activit\u00e9.<\/p>\n<p>La coop\u00e9rative a \u00e9t\u00e9 cr\u00e9\u00e9e en septembre 2017.<\/p>\n<p>Elle a r\u00e9ussi \u00e0 obtenir le permis de commercialisation par le Minist\u00e8re de l&rsquo;Agriculture et de l&rsquo;Elevage de l&rsquo;Equateur.<\/p>\n<p>Depuis le 4 juillet 2018, elle a la certification Fair Trade.<\/p>\n<p>Actuellement, elle subit les cons\u00e9quences du d\u00e9r\u00e8glement climatique (perte de production, d\u00e9fauts de qualit\u00e9).<\/p>\n<p>Mr Ramirez expliquera pendant la quinzaine leurs moyens de r\u00e9action et l\u2019int\u00e9r\u00eat de la labellisation \u00e9quitable de leurs produits.<\/p>\n<p>Sa pr\u00e9sence permettra \u00e0 tous les consommateurs de comprendre l\u2019int\u00e9r\u00eat des achats de produits bio et \u00e9quitables.<\/p>","protected":false},"excerpt":{"rendered":"<p>La quinzaine du commerce \u00e9quitable s&rsquo;est d\u00e9roul\u00e9e du 10 au 25 mai 2025. En Bretagne, nous avons eu le plaisir d&rsquo;accueillir Mr MOLINA RAMIREZ, producteur de bananes en Equateur, g\u00e9rant de la coop\u00e9rative COOP OROVERDE, productrice de bananes labellis\u00e9es commerce \u00e9quitable. Il est intervenu dans des \u00e9coles, lyc\u00e9es, universit\u00e9s, march\u00e9s publics pour pr\u00e9senter l&rsquo;int\u00e9r\u00eat pour &hellip; <\/p>\n<p class=\"link-more\"><a href=\"https:\/\/commerce-equitable-bretagne.fr\/index.php\/2025\/04\/28\/la-quinzaine-du-commerce-equitable-2025\/\" class=\"more-link\">Continuer la lecture<span class=\"screen-reader-text\"> de &laquo;&nbsp;La quinzaine du commerce \u00e9quitable 2025 !&nbsp;&raquo;<\/span><\/a><\/p>\n","protected":false},"author":2,"featured_media":0,"comment_status":"open","ping_status":"open","sticky":false,"template":"","format":"standard","meta":{"_uag_custom_page_level_css":"","footnotes":""},"categories":[1],"tags":[],"class_list":["post-107","post","type-post","status-publish","format-standard","hentry","category-non-classe"],"yoast_head":"<!-- This site is optimized with the Yoast SEO plugin v23.8 - https:\/\/yoast.com\/wordpress\/plugins\/seo\/ -->\n<title>La quinzaine du commerce \u00e9quitable 2025 ! - Commerce \u00c9quitable Bretagne<\/title>\n<meta name=\"robots\" content=\"index, follow, max-snippet:-1, max-image-preview:large, max-video-preview:-1\" \/>\n<link rel=\"canonical\" href=\"https:\/\/commerce-equitable-bretagne.fr\/index.php\/2025\/04\/28\/la-quinzaine-du-commerce-equitable-2025\/\" \/>\n<meta property=\"og:locale\" content=\"fr_FR\" \/>\n<meta property=\"og:type\" content=\"article\" \/>\n<meta property=\"og:title\" content=\"La quinzaine du commerce \u00e9quitable 2025 ! - Commerce \u00c9quitable Bretagne\" \/>\n<meta property=\"og:description\" content=\"La quinzaine du commerce \u00e9quitable s&rsquo;est d\u00e9roul\u00e9e du 10 au 25 mai 2025. En Bretagne, nous avons eu le plaisir d&rsquo;accueillir Mr MOLINA RAMIREZ, producteur de bananes en Equateur, g\u00e9rant de la coop\u00e9rative COOP OROVERDE, productrice de bananes labellis\u00e9es commerce \u00e9quitable. Il est intervenu dans des \u00e9coles, lyc\u00e9es, universit\u00e9s, march\u00e9s publics pour pr\u00e9senter l&rsquo;int\u00e9r\u00eat pour &hellip; Continuer la lecture de &laquo;&nbsp;La quinzaine du commerce \u00e9quitable 2025 !&nbsp;&raquo;\" \/>\n<meta property=\"og:url\" content=\"https:\/\/commerce-equitable-bretagne.fr\/index.php\/2025\/04\/28\/la-quinzaine-du-commerce-equitable-2025\/\" \/>\n<meta property=\"og:site_name\" content=\"Commerce \u00c9quitable Bretagne\" \/>\n<meta property=\"article:published_time\" content=\"2025-04-28T09:00:13+00:00\" \/>\n<meta property=\"article:modified_time\" content=\"2025-12-09T19:02:54+00:00\" \/>\n<meta name=\"author\" content=\"Bernard Bruel\" \/>\n<meta name=\"twitter:card\" content=\"summary_large_image\" \/>\n<meta name=\"twitter:label1\" content=\"\u00c9crit par\" \/>\n\t<meta name=\"twitter:data1\" content=\"Bernard Bruel\" \/>\n\t<meta name=\"twitter:label2\" content=\"Dur\u00e9e de lecture estim\u00e9e\" \/>\n\t<meta name=\"twitter:data2\" content=\"2 minutes\" \/>\n<script type=\"application\/ld+json\" class=\"yoast-schema-graph\">{\"@context\":\"https:\/\/schema.org\",\"@graph\":[{\"@type\":\"Article\",\"@id\":\"https:\/\/commerce-equitable-bretagne.fr\/index.php\/2025\/04\/28\/la-quinzaine-du-commerce-equitable-2025\/#article\",\"isPartOf\":{\"@id\":\"https:\/\/commerce-equitable-bretagne.fr\/index.php\/2025\/04\/28\/la-quinzaine-du-commerce-equitable-2025\/\"},\"author\":{\"name\":\"Bernard Bruel\",\"@id\":\"https:\/\/commerce-equitable-bretagne.fr\/#\/schema\/person\/c8ed96050cbd57bd03e7e7cdcabd0bb0\"},\"headline\":\"La quinzaine du commerce \u00e9quitable 2025 !\",\"datePublished\":\"2025-04-28T09:00:13+00:00\",\"dateModified\":\"2025-12-09T19:02:54+00:00\",\"mainEntityOfPage\":{\"@id\":\"https:\/\/commerce-equitable-bretagne.fr\/index.php\/2025\/04\/28\/la-quinzaine-du-commerce-equitable-2025\/\"},\"wordCount\":296,\"commentCount\":0,\"publisher\":{\"@id\":\"https:\/\/commerce-equitable-bretagne.fr\/#organization\"},\"inLanguage\":\"fr-FR\",\"potentialAction\":[{\"@type\":\"CommentAction\",\"name\":\"Comment\",\"target\":[\"https:\/\/commerce-equitable-bretagne.fr\/index.php\/2025\/04\/28\/la-quinzaine-du-commerce-equitable-2025\/#respond\"]}]},{\"@type\":\"WebPage\",\"@id\":\"https:\/\/commerce-equitable-bretagne.fr\/index.php\/2025\/04\/28\/la-quinzaine-du-commerce-equitable-2025\/\",\"url\":\"https:\/\/commerce-equitable-bretagne.fr\/index.php\/2025\/04\/28\/la-quinzaine-du-commerce-equitable-2025\/\",\"name\":\"La quinzaine du commerce \u00e9quitable 2025 ! - Commerce \u00c9quitable Bretagne\",\"isPartOf\":{\"@id\":\"https:\/\/commerce-equitable-bretagne.fr\/#website\"},\"datePublished\":\"2025-04-28T09:00:13+00:00\",\"dateModified\":\"2025-12-09T19:02:54+00:00\",\"breadcrumb\":{\"@id\":\"https:\/\/commerce-equitable-bretagne.fr\/index.php\/2025\/04\/28\/la-quinzaine-du-commerce-equitable-2025\/#breadcrumb\"},\"inLanguage\":\"fr-FR\",\"potentialAction\":[{\"@type\":\"ReadAction\",\"target\":[\"https:\/\/commerce-equitable-bretagne.fr\/index.php\/2025\/04\/28\/la-quinzaine-du-commerce-equitable-2025\/\"]}]},{\"@type\":\"BreadcrumbList\",\"@id\":\"https:\/\/commerce-equitable-bretagne.fr\/index.php\/2025\/04\/28\/la-quinzaine-du-commerce-equitable-2025\/#breadcrumb\",\"itemListElement\":[{\"@type\":\"ListItem\",\"position\":1,\"name\":\"Accueil\",\"item\":\"https:\/\/commerce-equitable-bretagne.fr\/\"},{\"@type\":\"ListItem\",\"position\":2,\"name\":\"La quinzaine du commerce \u00e9quitable 2025 !\"}]},{\"@type\":\"WebSite\",\"@id\":\"https:\/\/commerce-equitable-bretagne.fr\/#website\",\"url\":\"https:\/\/commerce-equitable-bretagne.fr\/\",\"name\":\"Commerce \u00c9quitable Bretagne\",\"description\":\"Pour un commerce plus juste\",\"publisher\":{\"@id\":\"https:\/\/commerce-equitable-bretagne.fr\/#organization\"},\"potentialAction\":[{\"@type\":\"SearchAction\",\"target\":{\"@type\":\"EntryPoint\",\"urlTemplate\":\"https:\/\/commerce-equitable-bretagne.fr\/?s={search_term_string}\"},\"query-input\":{\"@type\":\"PropertyValueSpecification\",\"valueRequired\":true,\"valueName\":\"search_term_string\"}}],\"inLanguage\":\"fr-FR\"},{\"@type\":\"Organization\",\"@id\":\"https:\/\/commerce-equitable-bretagne.fr\/#organization\",\"name\":\"Commerce \u00c9quitable Bretagne\",\"url\":\"https:\/\/commerce-equitable-bretagne.fr\/\",\"logo\":{\"@type\":\"ImageObject\",\"inLanguage\":\"fr-FR\",\"@id\":\"https:\/\/commerce-equitable-bretagne.fr\/#\/schema\/logo\/image\/\",\"url\":\"https:\/\/commerce-equitable-bretagne.fr\/wp-content\/uploads\/2025\/09\/3.png\",\"contentUrl\":\"https:\/\/commerce-equitable-bretagne.fr\/wp-content\/uploads\/2025\/09\/3.png\",\"width\":4724,\"height\":4724,\"caption\":\"Commerce \u00c9quitable Bretagne\"},\"image\":{\"@id\":\"https:\/\/commerce-equitable-bretagne.fr\/#\/schema\/logo\/image\/\"}},{\"@type\":\"Person\",\"@id\":\"https:\/\/commerce-equitable-bretagne.fr\/#\/schema\/person\/c8ed96050cbd57bd03e7e7cdcabd0bb0\",\"name\":\"Bernard Bruel\",\"image\":{\"@type\":\"ImageObject\",\"inLanguage\":\"fr-FR\",\"@id\":\"https:\/\/commerce-equitable-bretagne.fr\/#\/schema\/person\/image\/\",\"url\":\"https:\/\/secure.gravatar.com\/avatar\/474f6adf502444c995f4abf1f18a732a6f60afb752a4c3fd3ccd7cbd67e247e2?s=96&d=mm&r=g\",\"contentUrl\":\"https:\/\/secure.gravatar.com\/avatar\/474f6adf502444c995f4abf1f18a732a6f60afb752a4c3fd3ccd7cbd67e247e2?s=96&d=mm&r=g\",\"caption\":\"Bernard Bruel\"},\"url\":\"https:\/\/commerce-equitable-bretagne.fr\/index.php\/author\/bernard\/\"}]}<\/script>\n<!-- \/ Yoast SEO plugin. -->","yoast_head_json":{"title":"La quinzaine du commerce \u00e9quitable 2025 ! - Commerce \u00c9quitable Bretagne","robots":{"index":"index","follow":"follow","max-snippet":"max-snippet:-1","max-image-preview":"max-image-preview:large","max-video-preview":"max-video-preview:-1"},"canonical":"https:\/\/commerce-equitable-bretagne.fr\/index.php\/2025\/04\/28\/la-quinzaine-du-commerce-equitable-2025\/","og_locale":"fr_FR","og_type":"article","og_title":"La quinzaine du commerce \u00e9quitable 2025 ! - Commerce \u00c9quitable Bretagne","og_description":"La quinzaine du commerce \u00e9quitable s&rsquo;est d\u00e9roul\u00e9e du 10 au 25 mai 2025. En Bretagne, nous avons eu le plaisir d&rsquo;accueillir Mr MOLINA RAMIREZ, producteur de bananes en Equateur, g\u00e9rant de la coop\u00e9rative COOP OROVERDE, productrice de bananes labellis\u00e9es commerce \u00e9quitable. Il est intervenu dans des \u00e9coles, lyc\u00e9es, universit\u00e9s, march\u00e9s publics pour pr\u00e9senter l&rsquo;int\u00e9r\u00eat pour &hellip; Continuer la lecture de &laquo;&nbsp;La quinzaine du commerce \u00e9quitable 2025 !&nbsp;&raquo;","og_url":"https:\/\/commerce-equitable-bretagne.fr\/index.php\/2025\/04\/28\/la-quinzaine-du-commerce-equitable-2025\/","og_site_name":"Commerce \u00c9quitable Bretagne","article_published_time":"2025-04-28T09:00:13+00:00","article_modified_time":"2025-12-09T19:02:54+00:00","author":"Bernard Bruel","twitter_card":"summary_large_image","twitter_misc":{"\u00c9crit par":"Bernard Bruel","Dur\u00e9e de lecture estim\u00e9e":"2 minutes"},"schema":{"@context":"https:\/\/schema.org","@graph":[{"@type":"Article","@id":"https:\/\/commerce-equitable-bretagne.fr\/index.php\/2025\/04\/28\/la-quinzaine-du-commerce-equitable-2025\/#article","isPartOf":{"@id":"https:\/\/commerce-equitable-bretagne.fr\/index.php\/2025\/04\/28\/la-quinzaine-du-commerce-equitable-2025\/"},"author":{"name":"Bernard Bruel","@id":"https:\/\/commerce-equitable-bretagne.fr\/#\/schema\/person\/c8ed96050cbd57bd03e7e7cdcabd0bb0"},"headline":"La quinzaine du commerce \u00e9quitable 2025 !","datePublished":"2025-04-28T09:00:13+00:00","dateModified":"2025-12-09T19:02:54+00:00","mainEntityOfPage":{"@id":"https:\/\/commerce-equitable-bretagne.fr\/index.php\/2025\/04\/28\/la-quinzaine-du-commerce-equitable-2025\/"},"wordCount":296,"commentCount":0,"publisher":{"@id":"https:\/\/commerce-equitable-bretagne.fr\/#organization"},"inLanguage":"fr-FR","potentialAction":[{"@type":"CommentAction","name":"Comment","target":["https:\/\/commerce-equitable-bretagne.fr\/index.php\/2025\/04\/28\/la-quinzaine-du-commerce-equitable-2025\/#respond"]}]},{"@type":"WebPage","@id":"https:\/\/commerce-equitable-bretagne.fr\/index.php\/2025\/04\/28\/la-quinzaine-du-commerce-equitable-2025\/","url":"https:\/\/commerce-equitable-bretagne.fr\/index.php\/2025\/04\/28\/la-quinzaine-du-commerce-equitable-2025\/","name":"La quinzaine du commerce \u00e9quitable 2025 ! - Commerce \u00c9quitable Bretagne","isPartOf":{"@id":"https:\/\/commerce-equitable-bretagne.fr\/#website"},"datePublished":"2025-04-28T09:00:13+00:00","dateModified":"2025-12-09T19:02:54+00:00","breadcrumb":{"@id":"https:\/\/commerce-equitable-bretagne.fr\/index.php\/2025\/04\/28\/la-quinzaine-du-commerce-equitable-2025\/#breadcrumb"},"inLanguage":"fr-FR","potentialAction":[{"@type":"ReadAction","target":["https:\/\/commerce-equitable-bretagne.fr\/index.php\/2025\/04\/28\/la-quinzaine-du-commerce-equitable-2025\/"]}]},{"@type":"BreadcrumbList","@id":"https:\/\/commerce-equitable-bretagne.fr\/index.php\/2025\/04\/28\/la-quinzaine-du-commerce-equitable-2025\/#breadcrumb","itemListElement":[{"@type":"ListItem","position":1,"name":"Accueil","item":"https:\/\/commerce-equitable-bretagne.fr\/"},{"@type":"ListItem","position":2,"name":"La quinzaine du commerce \u00e9quitable 2025 !"}]},{"@type":"WebSite","@id":"https:\/\/commerce-equitable-bretagne.fr\/#website","url":"https:\/\/commerce-equitable-bretagne.fr\/","name":"Commerce \u00c9quitable Bretagne","description":"Pour un commerce plus juste","publisher":{"@id":"https:\/\/commerce-equitable-bretagne.fr\/#organization"},"potentialAction":[{"@type":"SearchAction","target":{"@type":"EntryPoint","urlTemplate":"https:\/\/commerce-equitable-bretagne.fr\/?s={search_term_string}"},"query-input":{"@type":"PropertyValueSpecification","valueRequired":true,"valueName":"search_term_string"}}],"inLanguage":"fr-FR"},{"@type":"Organization","@id":"https:\/\/commerce-equitable-bretagne.fr\/#organization","name":"Commerce \u00c9quitable Bretagne","url":"https:\/\/commerce-equitable-bretagne.fr\/","logo":{"@type":"ImageObject","inLanguage":"fr-FR","@id":"https:\/\/commerce-equitable-bretagne.fr\/#\/schema\/logo\/image\/","url":"https:\/\/commerce-equitable-bretagne.fr\/wp-content\/uploads\/2025\/09\/3.png","contentUrl":"https:\/\/commerce-equitable-bretagne.fr\/wp-content\/uploads\/2025\/09\/3.png","width":4724,"height":4724,"caption":"Commerce \u00c9quitable Bretagne"},"image":{"@id":"https:\/\/commerce-equitable-bretagne.fr\/#\/schema\/logo\/image\/"}},{"@type":"Person","@id":"https:\/\/commerce-equitable-bretagne.fr\/#\/schema\/person\/c8ed96050cbd57bd03e7e7cdcabd0bb0","name":"Bernard Bruel","image":{"@type":"ImageObject","inLanguage":"fr-FR","@id":"https:\/\/commerce-equitable-bretagne.fr\/#\/schema\/person\/image\/","url":"https:\/\/secure.gravatar.com\/avatar\/474f6adf502444c995f4abf1f18a732a6f60afb752a4c3fd3ccd7cbd67e247e2?s=96&d=mm&r=g","contentUrl":"https:\/\/secure.gravatar.com\/avatar\/474f6adf502444c995f4abf1f18a732a6f60afb752a4c3fd3ccd7cbd67e247e2?s=96&d=mm&r=g","caption":"Bernard Bruel"},"url":"https:\/\/commerce-equitable-bretagne.fr\/index.php\/author\/bernard\/"}]}},"uagb_featured_image_src":{"full":false,"thumbnail":false,"medium":false,"medium_large":false,"large":false,"1536x1536":false,"2048x2048":false,"twentyseventeen-featured-image":false,"twentyseventeen-thumbnail-avatar":false},"uagb_author_info":{"display_name":"Bernard Bruel","author_link":"https:\/\/commerce-equitable-bretagne.fr\/index.php\/author\/bernard\/"},"uagb_comment_info":22,"uagb_excerpt":"La quinzaine du commerce \u00e9quitable s&rsquo;est d\u00e9roul\u00e9e du 10 au 25 mai 2025. En Bretagne, nous avons eu le plaisir d&rsquo;accueillir Mr MOLINA RAMIREZ, producteur de bananes en Equateur, g\u00e9rant de la coop\u00e9rative COOP OROVERDE, productrice de bananes labellis\u00e9es commerce \u00e9quitable. Il est intervenu dans des \u00e9coles, lyc\u00e9es, universit\u00e9s, march\u00e9s publics pour pr\u00e9senter l&rsquo;int\u00e9r\u00eat pour\u2026","_links":{"self":[{"href":"https:\/\/commerce-equitable-bretagne.fr\/index.php\/wp-json\/wp\/v2\/posts\/107","targetHints":{"allow":["GET"]}}],"collection":[{"href":"https:\/\/commerce-equitable-bretagne.fr\/index.php\/wp-json\/wp\/v2\/posts"}],"about":[{"href":"https:\/\/commerce-equitable-bretagne.fr\/index.php\/wp-json\/wp\/v2\/types\/post"}],"author":[{"embeddable":true,"href":"https:\/\/commerce-equitable-bretagne.fr\/index.php\/wp-json\/wp\/v2\/users\/2"}],"replies":[{"embeddable":true,"href":"https:\/\/commerce-equitable-bretagne.fr\/index.php\/wp-json\/wp\/v2\/comments?post=107"}],"version-history":[{"count":16,"href":"https:\/\/commerce-equitable-bretagne.fr\/index.php\/wp-json\/wp\/v2\/posts\/107\/revisions"}],"predecessor-version":[{"id":170,"href":"https:\/\/commerce-equitable-bretagne.fr\/index.php\/wp-json\/wp\/v2\/posts\/107\/revisions\/170"}],"wp:attachment":[{"href":"https:\/\/commerce-equitable-bretagne.fr\/index.php\/wp-json\/wp\/v2\/media?parent=107"}],"wp:term":[{"taxonomy":"category","embeddable":true,"href":"https:\/\/commerce-equitable-bretagne.fr\/index.php\/wp-json\/wp\/v2\/categories?post=107"},{"taxonomy":"post_tag","embeddable":true,"href":"https:\/\/commerce-equitable-bretagne.fr\/index.php\/wp-json\/wp\/v2\/tags?post=107"}],"curies":[{"name":"wp","href":"https:\/\/api.w.org\/{rel}","templated":true}]}}