{"id":1,"date":"2024-11-06T12:16:26","date_gmt":"2024-11-06T11:16:26","guid":{"rendered":"https:\/\/commerce-equitable-bretagne.fr\/?p=1"},"modified":"2025-09-11T20:16:21","modified_gmt":"2025-09-11T18:16:21","slug":"bonjour-tout-le-monde","status":"publish","type":"post","link":"https:\/\/commerce-equitable-bretagne.fr\/index.php\/2024\/11\/06\/bonjour-tout-le-monde\/","title":{"rendered":"Commerce Equitable\u00a0Bretagne !"},"content":{"rendered":"\n<p>Nouveau nom et donc nouveau site web !<\/p>\n\n\n\n<p>Nous avons plaisir \u00e0 vous retrouver sur le web, vous qui cherchez des informations sur le commerce \u00e9quitable, vous qui voulez savoir:<\/p>\n\n\n\n<ul class=\"wp-block-list\">\n<li> quelles sont les collectivit\u00e9s locales engag\u00e9es,<\/li>\n\n\n\n<li>dans quelles \u00e9coles nous intervenons pour pr\u00e9senter le commerce \u00e9quitable,<\/li>\n\n\n\n<li>ce que nous faisons chaque ann\u00e9e pendant la quinzaine du commerce \u00e9quitable du mois de mai&#8230;  bref, c&rsquo;est ici que vous trouverez toutes (on esp\u00e8re !) les r\u00e9ponses \u00e0 vos questions.<\/li>\n<\/ul>\n\n\n\n<p>Alors bonne visite et bonne lecture !<\/p>\n\n\n\n<p><strong>Commerce Equitable Bretagne<\/strong> 10 septembre 2025<\/p>\n\n\n\n<p><\/p>\n","protected":false},"excerpt":{"rendered":"<p>Nouveau nom et donc nouveau site web ! Nous avons plaisir \u00e0 vous retrouver sur le web, vous qui cherchez des informations sur le commerce \u00e9quitable, vous qui voulez savoir: Alors bonne visite et bonne lecture ! Commerce Equitable Bretagne 10 septembre 2025<\/p>\n","protected":false},"author":1,"featured_media":0,"comment_status":"open","ping_status":"open","sticky":false,"template":"","format":"standard","meta":{"_uag_custom_page_level_css":"","footnotes":""},"categories":[1],"tags":[],"class_list":["post-1","post","type-post","status-publish","format-standard","hentry","category-non-classe"],"yoast_head":"<!-- This site is optimized with the Yoast SEO plugin v23.8 - https:\/\/yoast.com\/wordpress\/plugins\/seo\/ -->\n<title>Commerce Equitable\u00a0Bretagne ! - Commerce \u00c9quitable Bretagne<\/title>\n<meta name=\"robots\" content=\"index, follow, max-snippet:-1, max-image-preview:large, max-video-preview:-1\" \/>\n<link rel=\"canonical\" href=\"https:\/\/commerce-equitable-bretagne.fr\/index.php\/2024\/11\/06\/bonjour-tout-le-monde\/\" \/>\n<meta property=\"og:locale\" content=\"fr_FR\" \/>\n<meta property=\"og:type\" content=\"article\" \/>\n<meta property=\"og:title\" content=\"Commerce Equitable\u00a0Bretagne ! - Commerce \u00c9quitable Bretagne\" \/>\n<meta property=\"og:description\" content=\"Nouveau nom et donc nouveau site web ! Nous avons plaisir \u00e0 vous retrouver sur le web, vous qui cherchez des informations sur le commerce \u00e9quitable, vous qui voulez savoir: Alors bonne visite et bonne lecture ! Commerce Equitable Bretagne 10 septembre 2025\" \/>\n<meta property=\"og:url\" content=\"https:\/\/commerce-equitable-bretagne.fr\/index.php\/2024\/11\/06\/bonjour-tout-le-monde\/\" \/>\n<meta property=\"og:site_name\" content=\"Commerce \u00c9quitable Bretagne\" \/>\n<meta property=\"article:published_time\" content=\"2024-11-06T11:16:26+00:00\" \/>\n<meta property=\"article:modified_time\" content=\"2025-09-11T18:16:21+00:00\" \/>\n<meta name=\"author\" content=\"admin\" \/>\n<meta name=\"twitter:card\" content=\"summary_large_image\" \/>\n<meta name=\"twitter:label1\" content=\"\u00c9crit par\" \/>\n\t<meta name=\"twitter:data1\" content=\"admin\" \/>\n\t<meta name=\"twitter:label2\" content=\"Dur\u00e9e de lecture estim\u00e9e\" \/>\n\t<meta name=\"twitter:data2\" content=\"1 minute\" \/>\n<script type=\"application\/ld+json\" class=\"yoast-schema-graph\">{\"@context\":\"https:\/\/schema.org\",\"@graph\":[{\"@type\":\"Article\",\"@id\":\"https:\/\/commerce-equitable-bretagne.fr\/index.php\/2024\/11\/06\/bonjour-tout-le-monde\/#article\",\"isPartOf\":{\"@id\":\"https:\/\/commerce-equitable-bretagne.fr\/index.php\/2024\/11\/06\/bonjour-tout-le-monde\/\"},\"author\":{\"name\":\"admin\",\"@id\":\"https:\/\/commerce-equitable-bretagne.fr\/#\/schema\/person\/afc92ee52c931c458003ea84afe2989f\"},\"headline\":\"Commerce Equitable\u00a0Bretagne !\",\"datePublished\":\"2024-11-06T11:16:26+00:00\",\"dateModified\":\"2025-09-11T18:16:21+00:00\",\"mainEntityOfPage\":{\"@id\":\"https:\/\/commerce-equitable-bretagne.fr\/index.php\/2024\/11\/06\/bonjour-tout-le-monde\/\"},\"wordCount\":93,\"commentCount\":1,\"publisher\":{\"@id\":\"https:\/\/commerce-equitable-bretagne.fr\/#organization\"},\"inLanguage\":\"fr-FR\",\"potentialAction\":[{\"@type\":\"CommentAction\",\"name\":\"Comment\",\"target\":[\"https:\/\/commerce-equitable-bretagne.fr\/index.php\/2024\/11\/06\/bonjour-tout-le-monde\/#respond\"]}]},{\"@type\":\"WebPage\",\"@id\":\"https:\/\/commerce-equitable-bretagne.fr\/index.php\/2024\/11\/06\/bonjour-tout-le-monde\/\",\"url\":\"https:\/\/commerce-equitable-bretagne.fr\/index.php\/2024\/11\/06\/bonjour-tout-le-monde\/\",\"name\":\"Commerce Equitable\u00a0Bretagne ! - Commerce \u00c9quitable Bretagne\",\"isPartOf\":{\"@id\":\"https:\/\/commerce-equitable-bretagne.fr\/#website\"},\"datePublished\":\"2024-11-06T11:16:26+00:00\",\"dateModified\":\"2025-09-11T18:16:21+00:00\",\"breadcrumb\":{\"@id\":\"https:\/\/commerce-equitable-bretagne.fr\/index.php\/2024\/11\/06\/bonjour-tout-le-monde\/#breadcrumb\"},\"inLanguage\":\"fr-FR\",\"potentialAction\":[{\"@type\":\"ReadAction\",\"target\":[\"https:\/\/commerce-equitable-bretagne.fr\/index.php\/2024\/11\/06\/bonjour-tout-le-monde\/\"]}]},{\"@type\":\"BreadcrumbList\",\"@id\":\"https:\/\/commerce-equitable-bretagne.fr\/index.php\/2024\/11\/06\/bonjour-tout-le-monde\/#breadcrumb\",\"itemListElement\":[{\"@type\":\"ListItem\",\"position\":1,\"name\":\"Accueil\",\"item\":\"https:\/\/commerce-equitable-bretagne.fr\/\"},{\"@type\":\"ListItem\",\"position\":2,\"name\":\"Commerce Equitable\u00a0Bretagne !\"}]},{\"@type\":\"WebSite\",\"@id\":\"https:\/\/commerce-equitable-bretagne.fr\/#website\",\"url\":\"https:\/\/commerce-equitable-bretagne.fr\/\",\"name\":\"Commerce \u00c9quitable Bretagne\",\"description\":\"Pour un commerce plus juste\",\"publisher\":{\"@id\":\"https:\/\/commerce-equitable-bretagne.fr\/#organization\"},\"potentialAction\":[{\"@type\":\"SearchAction\",\"target\":{\"@type\":\"EntryPoint\",\"urlTemplate\":\"https:\/\/commerce-equitable-bretagne.fr\/?s={search_term_string}\"},\"query-input\":{\"@type\":\"PropertyValueSpecification\",\"valueRequired\":true,\"valueName\":\"search_term_string\"}}],\"inLanguage\":\"fr-FR\"},{\"@type\":\"Organization\",\"@id\":\"https:\/\/commerce-equitable-bretagne.fr\/#organization\",\"name\":\"Commerce \u00c9quitable Bretagne\",\"url\":\"https:\/\/commerce-equitable-bretagne.fr\/\",\"logo\":{\"@type\":\"ImageObject\",\"inLanguage\":\"fr-FR\",\"@id\":\"https:\/\/commerce-equitable-bretagne.fr\/#\/schema\/logo\/image\/\",\"url\":\"https:\/\/commerce-equitable-bretagne.fr\/wp-content\/uploads\/2025\/09\/3.png\",\"contentUrl\":\"https:\/\/commerce-equitable-bretagne.fr\/wp-content\/uploads\/2025\/09\/3.png\",\"width\":4724,\"height\":4724,\"caption\":\"Commerce \u00c9quitable Bretagne\"},\"image\":{\"@id\":\"https:\/\/commerce-equitable-bretagne.fr\/#\/schema\/logo\/image\/\"}},{\"@type\":\"Person\",\"@id\":\"https:\/\/commerce-equitable-bretagne.fr\/#\/schema\/person\/afc92ee52c931c458003ea84afe2989f\",\"name\":\"admin\",\"image\":{\"@type\":\"ImageObject\",\"inLanguage\":\"fr-FR\",\"@id\":\"https:\/\/commerce-equitable-bretagne.fr\/#\/schema\/person\/image\/\",\"url\":\"https:\/\/secure.gravatar.com\/avatar\/44afa7d8d411c7f1434042964dc9404ef36da1473850616aefbfb0584f5a09bd?s=96&d=mm&r=g\",\"contentUrl\":\"https:\/\/secure.gravatar.com\/avatar\/44afa7d8d411c7f1434042964dc9404ef36da1473850616aefbfb0584f5a09bd?s=96&d=mm&r=g\",\"caption\":\"admin\"},\"sameAs\":[\"https:\/\/commerce-equitable-bretagne.fr\"],\"url\":\"https:\/\/commerce-equitable-bretagne.fr\/index.php\/author\/admin\/\"}]}<\/script>\n<!-- \/ Yoast SEO plugin. -->","yoast_head_json":{"title":"Commerce Equitable\u00a0Bretagne ! - Commerce \u00c9quitable Bretagne","robots":{"index":"index","follow":"follow","max-snippet":"max-snippet:-1","max-image-preview":"max-image-preview:large","max-video-preview":"max-video-preview:-1"},"canonical":"https:\/\/commerce-equitable-bretagne.fr\/index.php\/2024\/11\/06\/bonjour-tout-le-monde\/","og_locale":"fr_FR","og_type":"article","og_title":"Commerce Equitable\u00a0Bretagne ! - Commerce \u00c9quitable Bretagne","og_description":"Nouveau nom et donc nouveau site web ! Nous avons plaisir \u00e0 vous retrouver sur le web, vous qui cherchez des informations sur le commerce \u00e9quitable, vous qui voulez savoir: Alors bonne visite et bonne lecture ! Commerce Equitable Bretagne 10 septembre 2025","og_url":"https:\/\/commerce-equitable-bretagne.fr\/index.php\/2024\/11\/06\/bonjour-tout-le-monde\/","og_site_name":"Commerce \u00c9quitable Bretagne","article_published_time":"2024-11-06T11:16:26+00:00","article_modified_time":"2025-09-11T18:16:21+00:00","author":"admin","twitter_card":"summary_large_image","twitter_misc":{"\u00c9crit par":"admin","Dur\u00e9e de lecture estim\u00e9e":"1 minute"},"schema":{"@context":"https:\/\/schema.org","@graph":[{"@type":"Article","@id":"https:\/\/commerce-equitable-bretagne.fr\/index.php\/2024\/11\/06\/bonjour-tout-le-monde\/#article","isPartOf":{"@id":"https:\/\/commerce-equitable-bretagne.fr\/index.php\/2024\/11\/06\/bonjour-tout-le-monde\/"},"author":{"name":"admin","@id":"https:\/\/commerce-equitable-bretagne.fr\/#\/schema\/person\/afc92ee52c931c458003ea84afe2989f"},"headline":"Commerce Equitable\u00a0Bretagne !","datePublished":"2024-11-06T11:16:26+00:00","dateModified":"2025-09-11T18:16:21+00:00","mainEntityOfPage":{"@id":"https:\/\/commerce-equitable-bretagne.fr\/index.php\/2024\/11\/06\/bonjour-tout-le-monde\/"},"wordCount":93,"commentCount":1,"publisher":{"@id":"https:\/\/commerce-equitable-bretagne.fr\/#organization"},"inLanguage":"fr-FR","potentialAction":[{"@type":"CommentAction","name":"Comment","target":["https:\/\/commerce-equitable-bretagne.fr\/index.php\/2024\/11\/06\/bonjour-tout-le-monde\/#respond"]}]},{"@type":"WebPage","@id":"https:\/\/commerce-equitable-bretagne.fr\/index.php\/2024\/11\/06\/bonjour-tout-le-monde\/","url":"https:\/\/commerce-equitable-bretagne.fr\/index.php\/2024\/11\/06\/bonjour-tout-le-monde\/","name":"Commerce Equitable\u00a0Bretagne ! - Commerce \u00c9quitable Bretagne","isPartOf":{"@id":"https:\/\/commerce-equitable-bretagne.fr\/#website"},"datePublished":"2024-11-06T11:16:26+00:00","dateModified":"2025-09-11T18:16:21+00:00","breadcrumb":{"@id":"https:\/\/commerce-equitable-bretagne.fr\/index.php\/2024\/11\/06\/bonjour-tout-le-monde\/#breadcrumb"},"inLanguage":"fr-FR","potentialAction":[{"@type":"ReadAction","target":["https:\/\/commerce-equitable-bretagne.fr\/index.php\/2024\/11\/06\/bonjour-tout-le-monde\/"]}]},{"@type":"BreadcrumbList","@id":"https:\/\/commerce-equitable-bretagne.fr\/index.php\/2024\/11\/06\/bonjour-tout-le-monde\/#breadcrumb","itemListElement":[{"@type":"ListItem","position":1,"name":"Accueil","item":"https:\/\/commerce-equitable-bretagne.fr\/"},{"@type":"ListItem","position":2,"name":"Commerce Equitable\u00a0Bretagne !"}]},{"@type":"WebSite","@id":"https:\/\/commerce-equitable-bretagne.fr\/#website","url":"https:\/\/commerce-equitable-bretagne.fr\/","name":"Commerce \u00c9quitable Bretagne","description":"Pour un commerce plus juste","publisher":{"@id":"https:\/\/commerce-equitable-bretagne.fr\/#organization"},"potentialAction":[{"@type":"SearchAction","target":{"@type":"EntryPoint","urlTemplate":"https:\/\/commerce-equitable-bretagne.fr\/?s={search_term_string}"},"query-input":{"@type":"PropertyValueSpecification","valueRequired":true,"valueName":"search_term_string"}}],"inLanguage":"fr-FR"},{"@type":"Organization","@id":"https:\/\/commerce-equitable-bretagne.fr\/#organization","name":"Commerce \u00c9quitable Bretagne","url":"https:\/\/commerce-equitable-bretagne.fr\/","logo":{"@type":"ImageObject","inLanguage":"fr-FR","@id":"https:\/\/commerce-equitable-bretagne.fr\/#\/schema\/logo\/image\/","url":"https:\/\/commerce-equitable-bretagne.fr\/wp-content\/uploads\/2025\/09\/3.png","contentUrl":"https:\/\/commerce-equitable-bretagne.fr\/wp-content\/uploads\/2025\/09\/3.png","width":4724,"height":4724,"caption":"Commerce \u00c9quitable Bretagne"},"image":{"@id":"https:\/\/commerce-equitable-bretagne.fr\/#\/schema\/logo\/image\/"}},{"@type":"Person","@id":"https:\/\/commerce-equitable-bretagne.fr\/#\/schema\/person\/afc92ee52c931c458003ea84afe2989f","name":"admin","image":{"@type":"ImageObject","inLanguage":"fr-FR","@id":"https:\/\/commerce-equitable-bretagne.fr\/#\/schema\/person\/image\/","url":"https:\/\/secure.gravatar.com\/avatar\/44afa7d8d411c7f1434042964dc9404ef36da1473850616aefbfb0584f5a09bd?s=96&d=mm&r=g","contentUrl":"https:\/\/secure.gravatar.com\/avatar\/44afa7d8d411c7f1434042964dc9404ef36da1473850616aefbfb0584f5a09bd?s=96&d=mm&r=g","caption":"admin"},"sameAs":["https:\/\/commerce-equitable-bretagne.fr"],"url":"https:\/\/commerce-equitable-bretagne.fr\/index.php\/author\/admin\/"}]}},"uagb_featured_image_src":{"full":false,"thumbnail":false,"medium":false,"medium_large":false,"large":false,"1536x1536":false,"2048x2048":false,"twentyseventeen-featured-image":false,"twentyseventeen-thumbnail-avatar":false},"uagb_author_info":{"display_name":"admin","author_link":"https:\/\/commerce-equitable-bretagne.fr\/index.php\/author\/admin\/"},"uagb_comment_info":19,"uagb_excerpt":"Nouveau nom et donc nouveau site web ! Nous avons plaisir \u00e0 vous retrouver sur le web, vous qui cherchez des informations sur le commerce \u00e9quitable, vous qui voulez savoir: Alors bonne visite et bonne lecture ! Commerce Equitable Bretagne 10 septembre 2025","_links":{"self":[{"href":"https:\/\/commerce-equitable-bretagne.fr\/index.php\/wp-json\/wp\/v2\/posts\/1","targetHints":{"allow":["GET"]}}],"collection":[{"href":"https:\/\/commerce-equitable-bretagne.fr\/index.php\/wp-json\/wp\/v2\/posts"}],"about":[{"href":"https:\/\/commerce-equitable-bretagne.fr\/index.php\/wp-json\/wp\/v2\/types\/post"}],"author":[{"embeddable":true,"href":"https:\/\/commerce-equitable-bretagne.fr\/index.php\/wp-json\/wp\/v2\/users\/1"}],"replies":[{"embeddable":true,"href":"https:\/\/commerce-equitable-bretagne.fr\/index.php\/wp-json\/wp\/v2\/comments?post=1"}],"version-history":[{"count":6,"href":"https:\/\/commerce-equitable-bretagne.fr\/index.php\/wp-json\/wp\/v2\/posts\/1\/revisions"}],"predecessor-version":[{"id":154,"href":"https:\/\/commerce-equitable-bretagne.fr\/index.php\/wp-json\/wp\/v2\/posts\/1\/revisions\/154"}],"wp:attachment":[{"href":"https:\/\/commerce-equitable-bretagne.fr\/index.php\/wp-json\/wp\/v2\/media?parent=1"}],"wp:term":[{"taxonomy":"category","embeddable":true,"href":"https:\/\/commerce-equitable-bretagne.fr\/index.php\/wp-json\/wp\/v2\/categories?post=1"},{"taxonomy":"post_tag","embeddable":true,"href":"https:\/\/commerce-equitable-bretagne.fr\/index.php\/wp-json\/wp\/v2\/tags?post=1"}],"curies":[{"name":"wp","href":"https:\/\/api.w.org\/{rel}","templated":true}]}}